{"id":3099,"date":"2023-09-27T07:03:02","date_gmt":"2023-09-27T12:03:02","guid":{"rendered":"https:\/\/www.vbilc.com\/?p=2848"},"modified":"2024-07-10T11:08:53","modified_gmt":"2024-07-10T09:08:53","slug":"nueva-ley-de-memoria-democratica-en-espana-2","status":"publish","type":"post","link":"https:\/\/www.christmascitiesnetwork.org\/es\/nueva-ley-de-memoria-democratica-en-espana-2\/","title":{"rendered":"Nueva Ley De Memoria Democr\u00e1tica En Espa\u00f1a"},"content":{"rendered":"\t\t<div data-elementor-type=\"wp-post\" data-elementor-id=\"3099\" class=\"elementor elementor-3099\" data-elementor-post-type=\"post\">\n\t\t\t\t\t\t<section class=\"elementor-section elementor-top-section elementor-element elementor-element-e35b1ff elementor-section-boxed elementor-section-height-default elementor-section-height-default\" data-id=\"e35b1ff\" data-element_type=\"section\">\n\t\t\t\t\t\t<div class=\"elementor-container elementor-column-gap-default\">\n\t\t\t\t\t<div class=\"elementor-column elementor-col-100 elementor-top-column elementor-element elementor-element-a7ff2b9\" data-id=\"a7ff2b9\" data-element_type=\"column\">\n\t\t\t<div class=\"elementor-widget-wrap elementor-element-populated\">\n\t\t\t\t\t\t<div class=\"elementor-element elementor-element-7697ace elementor-widget elementor-widget-image\" data-id=\"7697ace\" data-element_type=\"widget\" data-widget_type=\"image.default\">\n\t\t\t\t<div class=\"elementor-widget-container\">\n\t\t\t<style>\/*! elementor - v3.23.0 - 25-07-2024 *\/\n.elementor-widget-image{text-align:center}.elementor-widget-image a{display:inline-block}.elementor-widget-image a img[src$=\".svg\"]{width:48px}.elementor-widget-image img{vertical-align:middle;display:inline-block}<\/style>\t\t\t\t\t\t\t\t\t\t\t<a href=\"https:\/\/www.vbilc.com\/wp-content\/uploads\/2023\/05\/Vazquez-Barba-LEY-DE-MEMORIA-DEMOCRATICA-.pdf\">\n\t\t\t\t\t\t\t<img decoding=\"async\" src=\"https:\/\/www.vbilc.com\/wp-content\/uploads\/2023\/06\/1.jpg\" title=\"\" alt=\"\" loading=\"lazy\" \/>\t\t\t\t\t\t\t\t<\/a>\n\t\t\t\t\t\t\t\t\t\t\t\t\t<\/div>\n\t\t\t\t<\/div>\n\t\t\t\t\t<\/div>\n\t\t<\/div>\n\t\t\t\t\t<\/div>\n\t\t<\/section>\n\t\t\t\t<section class=\"elementor-section elementor-top-section elementor-element elementor-element-188f5f2 elementor-section-boxed elementor-section-height-default elementor-section-height-default\" data-id=\"188f5f2\" data-element_type=\"section\">\n\t\t\t\t\t\t<div class=\"elementor-container elementor-column-gap-default\">\n\t\t\t\t\t<div class=\"elementor-column elementor-col-100 elementor-top-column elementor-element elementor-element-6efeb87\" data-id=\"6efeb87\" data-element_type=\"column\">\n\t\t\t<div class=\"elementor-widget-wrap elementor-element-populated\">\n\t\t\t\t\t\t<div class=\"elementor-element elementor-element-0fb515a elementor-widget elementor-widget-text-editor\" data-id=\"0fb515a\" data-element_type=\"widget\" data-widget_type=\"text-editor.default\">\n\t\t\t\t<div class=\"elementor-widget-container\">\n\t\t\t<style>\/*! elementor - v3.23.0 - 25-07-2024 *\/\n.elementor-widget-text-editor.elementor-drop-cap-view-stacked .elementor-drop-cap{background-color:#69727d;color:#fff}.elementor-widget-text-editor.elementor-drop-cap-view-framed .elementor-drop-cap{color:#69727d;border:3px solid;background-color:transparent}.elementor-widget-text-editor:not(.elementor-drop-cap-view-default) .elementor-drop-cap{margin-top:8px}.elementor-widget-text-editor:not(.elementor-drop-cap-view-default) .elementor-drop-cap-letter{width:1em;height:1em}.elementor-widget-text-editor .elementor-drop-cap{float:left;text-align:center;line-height:1;font-size:50px}.elementor-widget-text-editor .elementor-drop-cap-letter{display:inline-block}<\/style>\t\t\t\t<p dir=\"ltr\" style=\"line-height: 1.38; margin-top: 0pt; margin-bottom: 0pt;\"><b style=\"font-weight: normal;\">\u00a0<\/b><\/p><p dir=\"ltr\" style=\"line-height: 1.38; text-align: justify; margin-top: 0pt; margin-bottom: 0pt;\"><span style=\"font-size: 15pt; font-family: Arial; color: #000000; background-color: transparent; font-weight: 400; font-style: normal; font-variant: normal; text-decoration: none; vertical-align: baseline; white-space: pre-wrap;\">\u00a1Excelentes noticias! El gobierno espa\u00f1ol ha aprobado la nueva Ley de Memoria Democr\u00e1tica. El objetivo de esta ley es reconocer la injusticia del exilio de muchos espa\u00f1oles durante la Guerra Civil y la dictadura, permitiendo la adquisici\u00f3n de la nacionalidad espa\u00f1ola para los descendientes de aquellos que perdieron o tuvieron que renunciar a la nacionalidad espa\u00f1ola como resultado del exilio.<\/span><\/p><p dir=\"ltr\" style=\"line-height: 1.38; text-align: justify; margin-top: 0pt; margin-bottom: 0pt;\"><span style=\"font-size: 15pt; font-family: Arial; color: #000000; background-color: transparent; font-weight: 400; font-style: normal; font-variant: normal; text-decoration: none; vertical-align: baseline; white-space: pre-wrap;\">\u00a0<\/span><\/p><p dir=\"ltr\" style=\"line-height: 1.38; text-align: justify; margin-top: 0pt; margin-bottom: 0pt;\"><span style=\"font-size: 15pt; font-family: Arial; color: #000000; background-color: transparent; font-weight: 400; font-style: normal; font-variant: normal; text-decoration: none; vertical-align: baseline; white-space: pre-wrap;\">La aprobaci\u00f3n de la Ley de Memoria Democr\u00e1tica es un hito significativo en el camino hacia la justicia hist\u00f3rica en Espa\u00f1a. Durante la Guerra Civil y la dictadura, muchas personas se vieron obligadas a abandonar su pa\u00eds de origen debido a la persecuci\u00f3n pol\u00edtica, la represi\u00f3n y la violencia. Esta ley busca reconocer y rectificar las consecuencias de aquellos momentos oscuros de la historia espa\u00f1ola.<\/span><\/p><p dir=\"ltr\" style=\"line-height: 1.38; margin-top: 0pt; margin-bottom: 0pt;\"><b style=\"font-weight: normal;\">\u00a0<\/b><\/p><p dir=\"ltr\" style=\"line-height: 1.38; text-align: justify; margin-top: 0pt; margin-bottom: 0pt;\"><span style=\"font-size: 15pt; font-family: Arial; color: #000000; background-color: transparent; font-weight: 400; font-style: normal; font-variant: normal; text-decoration: none; vertical-align: baseline; white-space: pre-wrap;\">El derecho a la nacionalidad espa\u00f1ola:<\/span><\/p><p dir=\"ltr\" style=\"line-height: 1.38; text-align: justify; margin-top: 0pt; margin-bottom: 0pt;\"><span style=\"font-size: 15pt; font-family: Arial; color: #000000; background-color: transparent; font-weight: 400; font-style: normal; font-variant: normal; text-decoration: none; vertical-align: baseline; white-space: pre-wrap;\">Una de las medidas clave de la Ley de Memoria Democr\u00e1tica es la posibilidad de adquirir la nacionalidad espa\u00f1ola para los descendientes de aquellos que se vieron obligados a renunciar a ella durante el exilio. Esta disposici\u00f3n representa una oportunidad \u00fanica para que miles de personas recuperen su v\u00ednculo con Espa\u00f1a y sean reconocidas como ciudadanos de pleno derecho.<\/span><\/p><p dir=\"ltr\" style=\"line-height: 1.38; margin-top: 0pt; margin-bottom: 0pt;\">\u00a0<\/p><p dir=\"ltr\" style=\"line-height: 1.38; text-align: justify; margin-top: 0pt; margin-bottom: 0pt;\"><span style=\"font-size: 15pt; font-family: Arial; color: #000000; background-color: transparent; font-weight: 400; font-style: normal; font-variant: normal; text-decoration: none; vertical-align: baseline; white-space: pre-wrap;\">Si eres uno de los descendientes afectados por esta situaci\u00f3n y est\u00e1s interesado en adquirir la nacionalidad espa\u00f1ola, es fundamental contar con el apoyo y la asesor\u00eda de profesionales legales especializados en este campo. V\u00e1zquez &amp; Barba es un despacho de abogados con amplia experiencia en derechos humanos y memoria hist\u00f3rica, que puede brindarte el respaldo legal necesario para navegar este proceso de manera eficiente y exitosa.<\/span><\/p><p>\u00a0<\/p>\t\t\t\t\t\t<\/div>\n\t\t\t\t<\/div>\n\t\t\t\t\t<\/div>\n\t\t<\/div>\n\t\t\t\t\t<\/div>\n\t\t<\/section>\n\t\t\t\t<section class=\"elementor-section elementor-top-section elementor-element elementor-element-32552f1 elementor-section-boxed elementor-section-height-default elementor-section-height-default\" data-id=\"32552f1\" data-element_type=\"section\">\n\t\t\t\t\t\t<div class=\"elementor-container elementor-column-gap-default\">\n\t\t\t\t\t<div class=\"elementor-column elementor-col-100 elementor-top-column elementor-element elementor-element-a1e9373\" data-id=\"a1e9373\" data-element_type=\"column\">\n\t\t\t<div class=\"elementor-widget-wrap elementor-element-populated\">\n\t\t\t\t\t\t<div class=\"elementor-element elementor-element-e6502f9 elementor-widget elementor-widget-image\" data-id=\"e6502f9\" data-element_type=\"widget\" data-widget_type=\"image.default\">\n\t\t\t\t<div class=\"elementor-widget-container\">\n\t\t\t\t\t\t\t\t\t\t\t\t\t\t<a href=\"mailto:%20info@vbilc.com\">\n\t\t\t\t\t\t\t<img decoding=\"async\" src=\"https:\/\/www.vbilc.com\/wp-content\/uploads\/2023\/06\/3.jpg\" title=\"\" alt=\"\" loading=\"lazy\" \/>\t\t\t\t\t\t\t\t<\/a>\n\t\t\t\t\t\t\t\t\t\t\t\t\t<\/div>\n\t\t\t\t<\/div>\n\t\t\t\t\t<\/div>\n\t\t<\/div>\n\t\t\t\t\t<\/div>\n\t\t<\/section>\n\t\t\t\t<section class=\"elementor-section elementor-top-section elementor-element elementor-element-6c99fd7 elementor-section-boxed elementor-section-height-default elementor-section-height-default\" data-id=\"6c99fd7\" data-element_type=\"section\">\n\t\t\t\t\t\t<div class=\"elementor-container elementor-column-gap-default\">\n\t\t\t\t\t<div class=\"elementor-column elementor-col-100 elementor-top-column elementor-element elementor-element-fddf0dc\" data-id=\"fddf0dc\" data-element_type=\"column\">\n\t\t\t<div class=\"elementor-widget-wrap elementor-element-populated\">\n\t\t\t\t\t\t<div class=\"elementor-element elementor-element-4a3c4c8 elementor-widget elementor-widget-text-editor\" data-id=\"4a3c4c8\" data-element_type=\"widget\" data-widget_type=\"text-editor.default\">\n\t\t\t\t<div class=\"elementor-widget-container\">\n\t\t\t\t\t\t\t<p dir=\"ltr\" style=\"line-height: 1.38; text-align: justify; margin-top: 0pt; margin-bottom: 0pt;\"><span style=\"font-size: 15pt; font-family: Arial; color: #000000; background-color: transparent; font-weight: 400; font-style: normal; font-variant: normal; text-decoration: none; vertical-align: baseline; white-space: pre-wrap;\">V\u00e1zquez &amp; Barba, tu aliado en el camino hacia la justicia:<\/span><\/p><p dir=\"ltr\" style=\"line-height: 1.38; text-align: justify; margin-top: 0pt; margin-bottom: 0pt;\"><span style=\"font-size: 15pt; font-family: Arial; color: #000000; background-color: transparent; font-weight: 400; font-style: normal; font-variant: normal; text-decoration: none; vertical-align: baseline; white-space: pre-wrap;\">El equipo de V\u00e1zquez &amp; Barba comprende la importancia de este momento hist\u00f3rico y se compromete a ayudar a las personas afectadas por el exilio y sus descendientes a obtener la nacionalidad espa\u00f1ola. Sus abogados expertos te brindar\u00e1n un asesoramiento legal personalizado, asegur\u00e1ndose de que comprendas todos los requisitos y pasos necesarios para iniciar tu proceso de solicitud.<\/span><\/p><p dir=\"ltr\" style=\"line-height: 1.38; margin-top: 0pt; margin-bottom: 0pt;\"><b style=\"font-weight: normal;\">\u00a0<\/b><\/p><p dir=\"ltr\" style=\"line-height: 1.38; text-align: justify; margin-top: 0pt; margin-bottom: 0pt;\"><span style=\"font-size: 15pt; font-family: Arial; color: #000000; background-color: transparent; font-weight: 400; font-style: normal; font-variant: normal; text-decoration: none; vertical-align: baseline; white-space: pre-wrap;\">Adem\u00e1s, V\u00e1zquez &amp; Barba se encargar\u00e1 de la tramitaci\u00f3n de tu solicitud, garantizando que se cumplan todos los requisitos legales y documentales. Su objetivo es simplificar el proceso para ti y hacerlo lo m\u00e1s transparente y efectivo posible.<\/span><\/p><p dir=\"ltr\" style=\"line-height: 1.38; margin-top: 0pt; margin-bottom: 0pt;\">\u00a0<\/p><p dir=\"ltr\" style=\"line-height: 1.38; text-align: justify; margin-top: 0pt; margin-bottom: 0pt;\"><span style=\"font-size: 15pt; font-family: Arial; color: #000000; background-color: transparent; font-weight: 400; font-style: normal; font-variant: normal; text-decoration: none; vertical-align: baseline; white-space: pre-wrap;\">La aprobaci\u00f3n de la Ley de Memoria Democr\u00e1tica en Espa\u00f1a es un hito importante en la b\u00fasqueda de la justicia hist\u00f3rica y el reconocimiento de los derechos de aquellos afectados por el exilio durante la Guerra Civil y la dictadura. Si eres uno de los descendientes que desean adquirir la nacionalidad espa\u00f1ola, V\u00e1zquez &amp; Barba est\u00e1 aqu\u00ed para brindarte el apoyo y la asesor\u00eda legal necesaria en este proceso. No dudes en contactar con ellos y dar el primer paso hacia la justicia y el reconocimiento que tanto mereces.\u00a0<\/span><\/p>\t\t\t\t\t\t<\/div>\n\t\t\t\t<\/div>\n\t\t\t\t\t<\/div>\n\t\t<\/div>\n\t\t\t\t\t<\/div>\n\t\t<\/section>\n\t\t\t\t<section class=\"elementor-section elementor-top-section elementor-element elementor-element-dcb23fb elementor-section-boxed elementor-section-height-default elementor-section-height-default\" data-id=\"dcb23fb\" data-element_type=\"section\">\n\t\t\t\t\t\t<div class=\"elementor-container elementor-column-gap-default\">\n\t\t\t\t\t<div class=\"elementor-column elementor-col-100 elementor-top-column elementor-element elementor-element-7e2745d\" data-id=\"7e2745d\" data-element_type=\"column\">\n\t\t\t<div class=\"elementor-widget-wrap elementor-element-populated\">\n\t\t\t\t\t\t<div class=\"elementor-element elementor-element-23a3701 elementor-widget elementor-widget-image\" data-id=\"23a3701\" data-element_type=\"widget\" data-widget_type=\"image.default\">\n\t\t\t\t<div class=\"elementor-widget-container\">\n\t\t\t\t\t\t\t\t\t\t\t\t\t\t<a href=\"mailto:%20info@vbilc.com\">\n\t\t\t\t\t\t\t<img decoding=\"async\" src=\"https:\/\/www.vbilc.com\/wp-content\/uploads\/2023\/06\/2.jpg\" title=\"\" alt=\"\" loading=\"lazy\" \/>\t\t\t\t\t\t\t\t<\/a>\n\t\t\t\t\t\t\t\t\t\t\t\t\t<\/div>\n\t\t\t\t<\/div>\n\t\t\t\t\t<\/div>\n\t\t<\/div>\n\t\t\t\t\t<\/div>\n\t\t<\/section>\n\t\t\t\t<\/div>\n\t\t","protected":false},"excerpt":{"rendered":"<p>\u00a1Excelentes noticias! El gobierno espa\u00f1ol ha aprobado la nueva Ley de Memoria Democr\u00e1tica. El objetivo de esta ley es reconocer la injusticia del exilio de muchos espa\u00f1oles durante la Guerra Civil y la dictadura, permitiendo la adquisici\u00f3n de la nacionalidad espa\u00f1ola para los descendientes de aquellos que perdieron o tuvieron que renunciar a la nacionalidad espa\u00f1ola como resultado del exilio.<\/p>\n","protected":false},"author":1,"featured_media":3100,"comment_status":"closed","ping_status":"open","sticky":false,"template":"","format":"standard","meta":{"footnotes":""},"categories":[1],"tags":[],"class_list":["post-3099","post","type-post","status-publish","format-standard","has-post-thumbnail","hentry","category-uncategorized"],"acf":[],"yoast_head":"<!-- This site is optimized with the Yoast SEO plugin v23.1 - https:\/\/yoast.com\/wordpress\/plugins\/seo\/ -->\n<title>Nueva Ley De Memoria Democr\u00e1tica En Espa\u00f1a -<\/title>\n<meta name=\"robots\" content=\"index, follow, max-snippet:-1, max-image-preview:large, max-video-preview:-1\" \/>\n<link rel=\"canonical\" href=\"https:\/\/www.christmascitiesnetwork.org\/es\/nueva-ley-de-memoria-democratica-en-espana-2\/\" \/>\n<meta property=\"og:locale\" content=\"es_ES\" \/>\n<meta property=\"og:type\" content=\"article\" \/>\n<meta property=\"og:title\" content=\"Nueva Ley De Memoria Democr\u00e1tica En Espa\u00f1a -\" \/>\n<meta property=\"og:description\" content=\"\u00a1Excelentes noticias! El gobierno espa\u00f1ol ha aprobado la nueva Ley de Memoria Democr\u00e1tica. El objetivo de esta ley es reconocer la injusticia del exilio de muchos espa\u00f1oles durante la Guerra Civil y la dictadura, permitiendo la adquisici\u00f3n de la nacionalidad espa\u00f1ola para los descendientes de aquellos que perdieron o tuvieron que renunciar a la nacionalidad espa\u00f1ola como resultado del exilio.\" \/>\n<meta property=\"og:url\" content=\"https:\/\/www.christmascitiesnetwork.org\/es\/nueva-ley-de-memoria-democratica-en-espana-2\/\" \/>\n<meta property=\"article:publisher\" content=\"https:\/\/www.facebook.com\/vbilclegal\" \/>\n<meta property=\"article:published_time\" content=\"2023-09-27T12:03:02+00:00\" \/>\n<meta property=\"article:modified_time\" content=\"2024-07-10T09:08:53+00:00\" \/>\n<meta property=\"og:image\" content=\"https:\/\/www.christmascitiesnetwork.org\/wp-content\/uploads\/2023\/09\/Screenshot-2023-09-27-at-1.57.47-PM.png\" \/>\n\t<meta property=\"og:image:width\" content=\"1558\" \/>\n\t<meta property=\"og:image:height\" content=\"814\" \/>\n\t<meta property=\"og:image:type\" content=\"image\/png\" \/>\n<meta name=\"author\" content=\"admin\" \/>\n<meta name=\"twitter:card\" content=\"summary_large_image\" \/>\n<meta name=\"twitter:creator\" content=\"@vbilclegal\" \/>\n<meta name=\"twitter:site\" content=\"@vbilclegal\" \/>\n<meta name=\"twitter:label1\" content=\"Escrito por\" \/>\n\t<meta name=\"twitter:data1\" content=\"admin\" \/>\n\t<meta name=\"twitter:label2\" content=\"Tiempo de lectura\" \/>\n\t<meta name=\"twitter:data2\" content=\"3 minutos\" \/>\n<script type=\"application\/ld+json\" class=\"yoast-schema-graph\">{\"@context\":\"https:\/\/schema.org\",\"@graph\":[{\"@type\":\"WebPage\",\"@id\":\"https:\/\/www.christmascitiesnetwork.org\/es\/nueva-ley-de-memoria-democratica-en-espana-2\/\",\"url\":\"https:\/\/www.christmascitiesnetwork.org\/es\/nueva-ley-de-memoria-democratica-en-espana-2\/\",\"name\":\"Nueva Ley De Memoria Democr\u00e1tica En Espa\u00f1a -\",\"isPartOf\":{\"@id\":\"https:\/\/www.christmascitiesnetwork.org\/es\/#website\"},\"primaryImageOfPage\":{\"@id\":\"https:\/\/www.christmascitiesnetwork.org\/es\/nueva-ley-de-memoria-democratica-en-espana-2\/#primaryimage\"},\"image\":{\"@id\":\"https:\/\/www.christmascitiesnetwork.org\/es\/nueva-ley-de-memoria-democratica-en-espana-2\/#primaryimage\"},\"thumbnailUrl\":\"https:\/\/www.christmascitiesnetwork.org\/wp-content\/uploads\/2023\/09\/Screenshot-2023-09-27-at-1.57.47-PM.png\",\"datePublished\":\"2023-09-27T12:03:02+00:00\",\"dateModified\":\"2024-07-10T09:08:53+00:00\",\"author\":{\"@id\":\"https:\/\/www.christmascitiesnetwork.org\/es\/#\/schema\/person\/728361eb3f218fd9f30a0096ba943e00\"},\"breadcrumb\":{\"@id\":\"https:\/\/www.christmascitiesnetwork.org\/es\/nueva-ley-de-memoria-democratica-en-espana-2\/#breadcrumb\"},\"inLanguage\":\"es\",\"potentialAction\":[{\"@type\":\"ReadAction\",\"target\":[\"https:\/\/www.christmascitiesnetwork.org\/es\/nueva-ley-de-memoria-democratica-en-espana-2\/\"]}]},{\"@type\":\"ImageObject\",\"inLanguage\":\"es\",\"@id\":\"https:\/\/www.christmascitiesnetwork.org\/es\/nueva-ley-de-memoria-democratica-en-espana-2\/#primaryimage\",\"url\":\"https:\/\/www.christmascitiesnetwork.org\/wp-content\/uploads\/2023\/09\/Screenshot-2023-09-27-at-1.57.47-PM.png\",\"contentUrl\":\"https:\/\/www.christmascitiesnetwork.org\/wp-content\/uploads\/2023\/09\/Screenshot-2023-09-27-at-1.57.47-PM.png\",\"width\":1558,\"height\":814},{\"@type\":\"BreadcrumbList\",\"@id\":\"https:\/\/www.christmascitiesnetwork.org\/es\/nueva-ley-de-memoria-democratica-en-espana-2\/#breadcrumb\",\"itemListElement\":[{\"@type\":\"ListItem\",\"position\":1,\"name\":\"Home\",\"item\":\"https:\/\/www.christmascitiesnetwork.org\/es\/\"},{\"@type\":\"ListItem\",\"position\":2,\"name\":\"Nueva Ley De Memoria Democr\u00e1tica En Espa\u00f1a\"}]},{\"@type\":\"WebSite\",\"@id\":\"https:\/\/www.christmascitiesnetwork.org\/es\/#website\",\"url\":\"https:\/\/www.christmascitiesnetwork.org\/es\/\",\"name\":\"VB International Legal Consultants\",\"description\":\"\",\"potentialAction\":[{\"@type\":\"SearchAction\",\"target\":{\"@type\":\"EntryPoint\",\"urlTemplate\":\"https:\/\/www.christmascitiesnetwork.org\/es\/?s={search_term_string}\"},\"query-input\":\"required name=search_term_string\"}],\"inLanguage\":\"es\"},{\"@type\":\"Person\",\"@id\":\"https:\/\/www.christmascitiesnetwork.org\/es\/#\/schema\/person\/728361eb3f218fd9f30a0096ba943e00\",\"name\":\"admin\",\"image\":{\"@type\":\"ImageObject\",\"inLanguage\":\"es\",\"@id\":\"https:\/\/www.christmascitiesnetwork.org\/es\/#\/schema\/person\/image\/\",\"url\":\"https:\/\/secure.gravatar.com\/avatar\/51ff24ecf09f4fb4ab8ad5df5e16f753?s=96&d=mm&r=g\",\"contentUrl\":\"https:\/\/secure.gravatar.com\/avatar\/51ff24ecf09f4fb4ab8ad5df5e16f753?s=96&d=mm&r=g\",\"caption\":\"admin\"},\"sameAs\":[\"https:\/\/www.christmascitiesnetwork.org\"],\"url\":\"https:\/\/www.christmascitiesnetwork.org\/es\/author\/rebels-agency-dev\/\"}]}<\/script>\n<!-- \/ Yoast SEO plugin. -->","yoast_head_json":{"title":"Nueva Ley De Memoria Democr\u00e1tica En Espa\u00f1a -","robots":{"index":"index","follow":"follow","max-snippet":"max-snippet:-1","max-image-preview":"max-image-preview:large","max-video-preview":"max-video-preview:-1"},"canonical":"https:\/\/www.christmascitiesnetwork.org\/es\/nueva-ley-de-memoria-democratica-en-espana-2\/","og_locale":"es_ES","og_type":"article","og_title":"Nueva Ley De Memoria Democr\u00e1tica En Espa\u00f1a -","og_description":"\u00a1Excelentes noticias! El gobierno espa\u00f1ol ha aprobado la nueva Ley de Memoria Democr\u00e1tica. El objetivo de esta ley es reconocer la injusticia del exilio de muchos espa\u00f1oles durante la Guerra Civil y la dictadura, permitiendo la adquisici\u00f3n de la nacionalidad espa\u00f1ola para los descendientes de aquellos que perdieron o tuvieron que renunciar a la nacionalidad espa\u00f1ola como resultado del exilio.","og_url":"https:\/\/www.christmascitiesnetwork.org\/es\/nueva-ley-de-memoria-democratica-en-espana-2\/","article_publisher":"https:\/\/www.facebook.com\/vbilclegal","article_published_time":"2023-09-27T12:03:02+00:00","article_modified_time":"2024-07-10T09:08:53+00:00","og_image":[{"width":1558,"height":814,"url":"https:\/\/www.christmascitiesnetwork.org\/wp-content\/uploads\/2023\/09\/Screenshot-2023-09-27-at-1.57.47-PM.png","type":"image\/png"}],"author":"admin","twitter_card":"summary_large_image","twitter_creator":"@vbilclegal","twitter_site":"@vbilclegal","twitter_misc":{"Escrito por":"admin","Tiempo de lectura":"3 minutos"},"schema":{"@context":"https:\/\/schema.org","@graph":[{"@type":"WebPage","@id":"https:\/\/www.christmascitiesnetwork.org\/es\/nueva-ley-de-memoria-democratica-en-espana-2\/","url":"https:\/\/www.christmascitiesnetwork.org\/es\/nueva-ley-de-memoria-democratica-en-espana-2\/","name":"Nueva Ley De Memoria Democr\u00e1tica En Espa\u00f1a -","isPartOf":{"@id":"https:\/\/www.christmascitiesnetwork.org\/es\/#website"},"primaryImageOfPage":{"@id":"https:\/\/www.christmascitiesnetwork.org\/es\/nueva-ley-de-memoria-democratica-en-espana-2\/#primaryimage"},"image":{"@id":"https:\/\/www.christmascitiesnetwork.org\/es\/nueva-ley-de-memoria-democratica-en-espana-2\/#primaryimage"},"thumbnailUrl":"https:\/\/www.christmascitiesnetwork.org\/wp-content\/uploads\/2023\/09\/Screenshot-2023-09-27-at-1.57.47-PM.png","datePublished":"2023-09-27T12:03:02+00:00","dateModified":"2024-07-10T09:08:53+00:00","author":{"@id":"https:\/\/www.christmascitiesnetwork.org\/es\/#\/schema\/person\/728361eb3f218fd9f30a0096ba943e00"},"breadcrumb":{"@id":"https:\/\/www.christmascitiesnetwork.org\/es\/nueva-ley-de-memoria-democratica-en-espana-2\/#breadcrumb"},"inLanguage":"es","potentialAction":[{"@type":"ReadAction","target":["https:\/\/www.christmascitiesnetwork.org\/es\/nueva-ley-de-memoria-democratica-en-espana-2\/"]}]},{"@type":"ImageObject","inLanguage":"es","@id":"https:\/\/www.christmascitiesnetwork.org\/es\/nueva-ley-de-memoria-democratica-en-espana-2\/#primaryimage","url":"https:\/\/www.christmascitiesnetwork.org\/wp-content\/uploads\/2023\/09\/Screenshot-2023-09-27-at-1.57.47-PM.png","contentUrl":"https:\/\/www.christmascitiesnetwork.org\/wp-content\/uploads\/2023\/09\/Screenshot-2023-09-27-at-1.57.47-PM.png","width":1558,"height":814},{"@type":"BreadcrumbList","@id":"https:\/\/www.christmascitiesnetwork.org\/es\/nueva-ley-de-memoria-democratica-en-espana-2\/#breadcrumb","itemListElement":[{"@type":"ListItem","position":1,"name":"Home","item":"https:\/\/www.christmascitiesnetwork.org\/es\/"},{"@type":"ListItem","position":2,"name":"Nueva Ley De Memoria Democr\u00e1tica En Espa\u00f1a"}]},{"@type":"WebSite","@id":"https:\/\/www.christmascitiesnetwork.org\/es\/#website","url":"https:\/\/www.christmascitiesnetwork.org\/es\/","name":"VB International Legal Consultants","description":"","potentialAction":[{"@type":"SearchAction","target":{"@type":"EntryPoint","urlTemplate":"https:\/\/www.christmascitiesnetwork.org\/es\/?s={search_term_string}"},"query-input":"required name=search_term_string"}],"inLanguage":"es"},{"@type":"Person","@id":"https:\/\/www.christmascitiesnetwork.org\/es\/#\/schema\/person\/728361eb3f218fd9f30a0096ba943e00","name":"admin","image":{"@type":"ImageObject","inLanguage":"es","@id":"https:\/\/www.christmascitiesnetwork.org\/es\/#\/schema\/person\/image\/","url":"https:\/\/secure.gravatar.com\/avatar\/51ff24ecf09f4fb4ab8ad5df5e16f753?s=96&d=mm&r=g","contentUrl":"https:\/\/secure.gravatar.com\/avatar\/51ff24ecf09f4fb4ab8ad5df5e16f753?s=96&d=mm&r=g","caption":"admin"},"sameAs":["https:\/\/www.christmascitiesnetwork.org"],"url":"https:\/\/www.christmascitiesnetwork.org\/es\/author\/rebels-agency-dev\/"}]}},"_links":{"self":[{"href":"https:\/\/www.christmascitiesnetwork.org\/es\/wp-json\/wp\/v2\/posts\/3099"}],"collection":[{"href":"https:\/\/www.christmascitiesnetwork.org\/es\/wp-json\/wp\/v2\/posts"}],"about":[{"href":"https:\/\/www.christmascitiesnetwork.org\/es\/wp-json\/wp\/v2\/types\/post"}],"author":[{"embeddable":true,"href":"https:\/\/www.christmascitiesnetwork.org\/es\/wp-json\/wp\/v2\/users\/1"}],"replies":[{"embeddable":true,"href":"https:\/\/www.christmascitiesnetwork.org\/es\/wp-json\/wp\/v2\/comments?post=3099"}],"version-history":[{"count":1,"href":"https:\/\/www.christmascitiesnetwork.org\/es\/wp-json\/wp\/v2\/posts\/3099\/revisions"}],"predecessor-version":[{"id":3109,"href":"https:\/\/www.christmascitiesnetwork.org\/es\/wp-json\/wp\/v2\/posts\/3099\/revisions\/3109"}],"wp:featuredmedia":[{"embeddable":true,"href":"https:\/\/www.christmascitiesnetwork.org\/es\/wp-json\/wp\/v2\/media\/3100"}],"wp:attachment":[{"href":"https:\/\/www.christmascitiesnetwork.org\/es\/wp-json\/wp\/v2\/media?parent=3099"}],"wp:term":[{"taxonomy":"category","embeddable":true,"href":"https:\/\/www.christmascitiesnetwork.org\/es\/wp-json\/wp\/v2\/categories?post=3099"},{"taxonomy":"post_tag","embeddable":true,"href":"https:\/\/www.christmascitiesnetwork.org\/es\/wp-json\/wp\/v2\/tags?post=3099"}],"curies":[{"name":"wp","href":"https:\/\/api.w.org\/{rel}","templated":true}]}}